{"id":7598,"date":"2017-04-05T11:48:19","date_gmt":"2017-04-05T09:48:19","guid":{"rendered":"https:\/\/seminarhotels-schweiz.com\/de\/?p=7598"},"modified":"2020-06-08T15:38:20","modified_gmt":"2020-06-08T13:38:20","slug":"tagen-in-bellinzona","status":"publish","type":"post","link":"https:\/\/tessin-seminarhotels.ch\/de\/news\/tagen-bellinzona\/","title":{"rendered":"Tagen in Bellinzona"},"content":{"rendered":"<p>Bellinzona \u2013 der Hauptort des Tessins bietet hervorragende, zentral gelegene Konferenz- und Tagungshotels.<\/p>\n<h2>Tagen in Bellinzona<\/h2>\n<p>Als Verkehrsknotenpunkt ist die Lage des Ortes optimal. Denn von hier aus gelangt man zu den Alpenp\u00e4ssen Gotthard, Lukmanier, San Bernardino und Nufenen. Die Autobahnen A2 und A13 f\u00fchren direkt durch Bellinzona. Und auch die Gotthardbahn von Z\u00fcrich und Luzern f\u00fchrt \u00fcber den Bahnhof Bellinzona bis in den S\u00fcden nach Chiasso.<\/p>\n<p>Planen Sie eine grosse Tagung, zentral gelegen mit viel Platz? Dann k\u00f6nnen wir Ihnen das ESPOCENTRO, mit Platz f\u00fcr 1000 Personen, in der N\u00e4he der historischen Altstadt empfehlen. F\u00fcr kleinere Meetings bietet sich das Hotel &amp; SPA Internazionale bestens an. Suchen Sie jedoch eine ganz besondere Location f\u00fcr Ihr Seminar. Dann sollten Sie in einer der drei Burgen von Bellinzona tagen. Das Castelgrande, das Castello di Sasso Corbaro und das Castelo di Montebello dienten fr\u00fcher als Wehranlagen, Talsperren und zur Kontrolle der Zugangswege zu den Alpenp\u00e4ssen. Die zum UNESCO \u2013 Weltkulturerbe geh\u00f6renden Burgen aus dem Mittelalter besitzen historische R\u00e4ume, welche f\u00fcr Tagungen und Seminare geeignet sind. Sollte Ihr Seminar dort stattfinden, haben Sie gleich das passende Rahmenprogramm inklusive.<\/p>\n<h3>Rahmenprogramme &amp; Tagen in Bellinzona<\/h3>\n<p>Wir unterst\u00fctzen Sie bei der Wahl der geeigneten Location und erstellen f\u00fcr Sie ein spannendes uns attraktives Rahmenprogramm. Fragen Sie uns danach!<\/p>","protected":false},"excerpt":{"rendered":"<p>Bellinzona \u2013 der Hauptort des Tessins bietet hervorragende, zentral gelegene Konferenz- und Tagungshotels. Tagen in Bellinzona Als Verkehrsknotenpunkt ist die Lage des Ortes optimal. Denn von hier aus gelangt man zu den Alpenp\u00e4ssen Gotthard, Lukmanier, San Bernardino und Nufenen. Die Autobahnen A2 und A13 f\u00fchren direkt durch Bellinzona. Und auch die Gotthardbahn von Z\u00fcrich und [&hellip;]<\/p>\n","protected":false},"author":16,"featured_media":7599,"comment_status":"closed","ping_status":"open","sticky":false,"template":"","format":"standard","meta":[],"acf":[],"yoast_head":"<!-- This site is optimized with the Yoast SEO Premium plugin v20.3 (Yoast SEO v20.3) - https:\/\/yoast.com\/wordpress\/plugins\/seo\/ -->\n<title>Conferences and Tagen in Bellinzona | MICE Service Group | Ihr Seminar im Tessin<\/title>\n<meta name=\"description\" content=\"Bellinzona \u2013 the capital of canton Ticino has excellent and centrally located conference and meeting hotels. The city lies on a traffic hub.\" \/>\n<meta name=\"robots\" content=\"index, follow, max-snippet:-1, max-image-preview:large, max-video-preview:-1\" \/>\n<link rel=\"canonical\" href=\"https:\/\/tessin-seminarhotels.ch\/en\/news\/meet-bellinzona\/\" \/>\n<meta property=\"og:locale\" content=\"de_DE\" \/>\n<meta property=\"og:type\" content=\"article\" \/>\n<meta property=\"og:title\" content=\"Tagen in Bellinzona\" \/>\n<meta property=\"og:description\" content=\"Bellinzona \u2013 the capital of canton Ticino has excellent and centrally located conference and meeting hotels. The city lies on a traffic hub.\" \/>\n<meta property=\"og:url\" content=\"https:\/\/tessin-seminarhotels.ch\/en\/news\/meet-bellinzona\/\" \/>\n<meta property=\"article:published_time\" content=\"2017-04-05T09:48:19+00:00\" \/>\n<meta property=\"article:modified_time\" content=\"2020-06-08T13:38:20+00:00\" \/>\n<meta property=\"og:image\" content=\"https:\/\/tessin-seminarhotels.ch\/wp-content\/uploads\/2017\/04\/bellizona.jpg\" \/>\n\t<meta property=\"og:image:width\" content=\"2560\" \/>\n\t<meta property=\"og:image:height\" content=\"1788\" \/>\n\t<meta property=\"og:image:type\" content=\"image\/jpeg\" \/>\n<meta name=\"author\" content=\"Janin Heukamp\" \/>\n<meta name=\"twitter:card\" content=\"summary_large_image\" \/>\n<meta name=\"twitter:label1\" content=\"Verfasst von\" \/>\n\t<meta name=\"twitter:data1\" content=\"Janin Heukamp\" \/>\n\t<meta name=\"twitter:label2\" content=\"Gesch\u00e4tzte Lesezeit\" \/>\n\t<meta name=\"twitter:data2\" content=\"2 Minuten\" \/>\n<script type=\"application\/ld+json\" class=\"yoast-schema-graph\">{\"@context\":\"https:\/\/schema.org\",\"@graph\":[{\"@type\":\"WebPage\",\"@id\":\"https:\/\/tessin-seminarhotels.ch\/en\/news\/meet-bellinzona\/\",\"url\":\"https:\/\/tessin-seminarhotels.ch\/en\/news\/meet-bellinzona\/\",\"name\":\"Conferences and Tagen in Bellinzona | MICE Service Group\",\"isPartOf\":{\"@id\":\"https:\/\/ostschweiz-seminarhotels.ch\/de\/#website\"},\"datePublished\":\"2017-04-05T09:48:19+00:00\",\"dateModified\":\"2020-06-08T13:38:20+00:00\",\"author\":{\"@id\":\"https:\/\/ostschweiz-seminarhotels.ch\/de\/#\/schema\/person\/5bb45c542dcff14e312ec4a4369429c8\"},\"description\":\"Bellinzona \u2013 the capital of canton Ticino has excellent and centrally located conference and meeting hotels. The city lies on a traffic hub.\",\"breadcrumb\":{\"@id\":\"https:\/\/tessin-seminarhotels.ch\/en\/news\/meet-bellinzona\/#breadcrumb\"},\"inLanguage\":\"de-DE\",\"potentialAction\":[{\"@type\":\"ReadAction\",\"target\":[\"https:\/\/tessin-seminarhotels.ch\/en\/news\/meet-bellinzona\/\"]}]},{\"@type\":\"BreadcrumbList\",\"@id\":\"https:\/\/tessin-seminarhotels.ch\/en\/news\/meet-bellinzona\/#breadcrumb\",\"itemListElement\":[{\"@type\":\"ListItem\",\"position\":1,\"name\":\"Home\",\"item\":\"https:\/\/ostschweiz-seminarhotels.ch\/de\/\"},{\"@type\":\"ListItem\",\"position\":2,\"name\":\"News\",\"item\":\"https:\/\/tessin-seminarhotels.ch\/de\/news\/\"},{\"@type\":\"ListItem\",\"position\":3,\"name\":\"Tagen in Bellinzona\"}]},{\"@type\":\"WebSite\",\"@id\":\"https:\/\/ostschweiz-seminarhotels.ch\/de\/#website\",\"url\":\"https:\/\/ostschweiz-seminarhotels.ch\/de\/\",\"name\":\"tessin-seminarhotels.ch\",\"description\":\"\",\"potentialAction\":[{\"@type\":\"SearchAction\",\"target\":{\"@type\":\"EntryPoint\",\"urlTemplate\":\"https:\/\/ostschweiz-seminarhotels.ch\/de\/?s={search_term_string}\"},\"query-input\":\"required name=search_term_string\"}],\"inLanguage\":\"de-DE\"},{\"@type\":\"Person\",\"@id\":\"https:\/\/ostschweiz-seminarhotels.ch\/de\/#\/schema\/person\/5bb45c542dcff14e312ec4a4369429c8\",\"name\":\"Janin Heukamp\",\"image\":{\"@type\":\"ImageObject\",\"inLanguage\":\"de-DE\",\"@id\":\"https:\/\/ostschweiz-seminarhotels.ch\/de\/#\/schema\/person\/image\/\",\"url\":\"https:\/\/tessin-seminarhotels.ch\/wp-content\/wphb-cache\/gravatar\/8f6\/8f6cee3e8d7a788c16c0a499cc8062b7x96.jpg\",\"contentUrl\":\"https:\/\/tessin-seminarhotels.ch\/wp-content\/wphb-cache\/gravatar\/8f6\/8f6cee3e8d7a788c16c0a499cc8062b7x96.jpg\",\"caption\":\"Janin Heukamp\"}}]}<\/script>\n<!-- \/ Yoast SEO Premium plugin. -->","yoast_head_json":{"title":"Conferences and Tagen in Bellinzona | MICE Service Group | Ihr Seminar im Tessin","description":"Bellinzona \u2013 the capital of canton Ticino has excellent and centrally located conference and meeting hotels. The city lies on a traffic hub.","robots":{"index":"index","follow":"follow","max-snippet":"max-snippet:-1","max-image-preview":"max-image-preview:large","max-video-preview":"max-video-preview:-1"},"canonical":"https:\/\/tessin-seminarhotels.ch\/en\/news\/meet-bellinzona\/","og_locale":"de_DE","og_type":"article","og_title":"Tagen in Bellinzona","og_description":"Bellinzona \u2013 the capital of canton Ticino has excellent and centrally located conference and meeting hotels. The city lies on a traffic hub.","og_url":"https:\/\/tessin-seminarhotels.ch\/en\/news\/meet-bellinzona\/","article_published_time":"2017-04-05T09:48:19+00:00","article_modified_time":"2020-06-08T13:38:20+00:00","og_image":[{"width":2560,"height":1788,"url":"https:\/\/tessin-seminarhotels.ch\/wp-content\/uploads\/2017\/04\/bellizona.jpg","type":"image\/jpeg"}],"author":"Janin Heukamp","twitter_card":"summary_large_image","twitter_misc":{"Verfasst von":"Janin Heukamp","Gesch\u00e4tzte Lesezeit":"2 Minuten"},"schema":{"@context":"https:\/\/schema.org","@graph":[{"@type":"WebPage","@id":"https:\/\/tessin-seminarhotels.ch\/en\/news\/meet-bellinzona\/","url":"https:\/\/tessin-seminarhotels.ch\/en\/news\/meet-bellinzona\/","name":"Conferences and Tagen in Bellinzona | MICE Service Group","isPartOf":{"@id":"https:\/\/ostschweiz-seminarhotels.ch\/de\/#website"},"datePublished":"2017-04-05T09:48:19+00:00","dateModified":"2020-06-08T13:38:20+00:00","author":{"@id":"https:\/\/ostschweiz-seminarhotels.ch\/de\/#\/schema\/person\/5bb45c542dcff14e312ec4a4369429c8"},"description":"Bellinzona \u2013 the capital of canton Ticino has excellent and centrally located conference and meeting hotels. The city lies on a traffic hub.","breadcrumb":{"@id":"https:\/\/tessin-seminarhotels.ch\/en\/news\/meet-bellinzona\/#breadcrumb"},"inLanguage":"de-DE","potentialAction":[{"@type":"ReadAction","target":["https:\/\/tessin-seminarhotels.ch\/en\/news\/meet-bellinzona\/"]}]},{"@type":"BreadcrumbList","@id":"https:\/\/tessin-seminarhotels.ch\/en\/news\/meet-bellinzona\/#breadcrumb","itemListElement":[{"@type":"ListItem","position":1,"name":"Home","item":"https:\/\/ostschweiz-seminarhotels.ch\/de\/"},{"@type":"ListItem","position":2,"name":"News","item":"https:\/\/tessin-seminarhotels.ch\/de\/news\/"},{"@type":"ListItem","position":3,"name":"Tagen in Bellinzona"}]},{"@type":"WebSite","@id":"https:\/\/ostschweiz-seminarhotels.ch\/de\/#website","url":"https:\/\/ostschweiz-seminarhotels.ch\/de\/","name":"tessin-seminarhotels.ch","description":"","potentialAction":[{"@type":"SearchAction","target":{"@type":"EntryPoint","urlTemplate":"https:\/\/ostschweiz-seminarhotels.ch\/de\/?s={search_term_string}"},"query-input":"required name=search_term_string"}],"inLanguage":"de-DE"},{"@type":"Person","@id":"https:\/\/ostschweiz-seminarhotels.ch\/de\/#\/schema\/person\/5bb45c542dcff14e312ec4a4369429c8","name":"Janin Heukamp","image":{"@type":"ImageObject","inLanguage":"de-DE","@id":"https:\/\/ostschweiz-seminarhotels.ch\/de\/#\/schema\/person\/image\/","url":"https:\/\/tessin-seminarhotels.ch\/wp-content\/wphb-cache\/gravatar\/8f6\/8f6cee3e8d7a788c16c0a499cc8062b7x96.jpg","contentUrl":"https:\/\/tessin-seminarhotels.ch\/wp-content\/wphb-cache\/gravatar\/8f6\/8f6cee3e8d7a788c16c0a499cc8062b7x96.jpg","caption":"Janin Heukamp"}}]}},"_links":{"self":[{"href":"https:\/\/tessin-seminarhotels.ch\/de\/wp-json\/wp\/v2\/posts\/7598"}],"collection":[{"href":"https:\/\/tessin-seminarhotels.ch\/de\/wp-json\/wp\/v2\/posts"}],"about":[{"href":"https:\/\/tessin-seminarhotels.ch\/de\/wp-json\/wp\/v2\/types\/post"}],"author":[{"embeddable":true,"href":"https:\/\/tessin-seminarhotels.ch\/de\/wp-json\/wp\/v2\/users\/16"}],"replies":[{"embeddable":true,"href":"https:\/\/tessin-seminarhotels.ch\/de\/wp-json\/wp\/v2\/comments?post=7598"}],"version-history":[{"count":0,"href":"https:\/\/tessin-seminarhotels.ch\/de\/wp-json\/wp\/v2\/posts\/7598\/revisions"}],"wp:featuredmedia":[{"embeddable":true,"href":"https:\/\/tessin-seminarhotels.ch\/de\/wp-json\/wp\/v2\/media\/7599"}],"wp:attachment":[{"href":"https:\/\/tessin-seminarhotels.ch\/de\/wp-json\/wp\/v2\/media?parent=7598"}],"curies":[{"name":"wp","href":"https:\/\/api.w.org\/{rel}","templated":true}]}}